{"id":1213,"date":"2016-11-21T12:53:00","date_gmt":"2016-11-21T12:53:00","guid":{"rendered":"https:\/\/meremuuseum2.rktv.ee\/lennusadam\/?p=1213"},"modified":"2023-09-26T07:52:24","modified_gmt":"2023-09-26T07:52:24","slug":"vaata-videot-lennusadamasse-saabus-paastekopter","status":"publish","type":"post","link":"https:\/\/meremuuseum.ee\/lennusadam\/2016\/11\/21\/vaata-videot-lennusadamasse-saabus-paastekopter\/","title":{"rendered":"VAATA VIDEOT! Lennusadamasse saabus p\u00e4\u00e4stekopter"},"content":{"rendered":"\n<p>24. m\u00e4rtsil 2017 avame Lennusadamas uue n\u00e4ituse &#8220;MAYDAY. MAYDAY. MAYDAY. N\u00e4itus merep\u00e4\u00e4stest&#8221;.<\/p>\n\n\n\n<p>15. novembri \u00f6\u00f6sel vastu 16. novembrit j\u00f5udis Lennusadamasse n\u00e4ituse \u00fcks p\u00f5hieksponaat: piirivalve helikopter MI-8.<\/p>\n\n\n\n<p><strong>Loe n\u00e4ituse kohta l\u00e4hemalt <a href=\"https:\/\/meremuuseum.ee\/lennusadam\/muuseum\/tulemas\/\" target=\"_blank\" rel=\"noreferrer noopener\">SIIT!<\/a><\/strong><\/p>\n\n\n\n<p><strong>Vaata videot kopteri saabumisest:<\/strong><\/p>\n\n\n\n<figure class=\"wp-block-embed is-type-video is-provider-youtube wp-block-embed-youtube wp-embed-aspect-16-9 wp-has-aspect-ratio\"><div class=\"wp-block-embed__wrapper\">\n<iframe loading=\"lazy\" title=\"&quot;MAYDAY.MAYDAY.MAYDAY.&quot; Helikopteri tulemine\" width=\"500\" height=\"281\" src=\"https:\/\/www.youtube.com\/embed\/dCp2px_opZM?start=34&#038;feature=oembed\" frameborder=\"0\" allow=\"accelerometer; autoplay; clipboard-write; encrypted-media; gyroscope; picture-in-picture; web-share\" referrerpolicy=\"strict-origin-when-cross-origin\" allowfullscreen><\/iframe>\n<\/div><\/figure>\n","protected":false},"excerpt":{"rendered":"24. m\u00e4rtsil 2017 avame Lennusadamas uue n\u00e4ituse &#8220;MAYDAY. MAYDAY. MAYDAY. N\u00e4itus merep\u00e4\u00e4stest&#8221;. 15. novembri \u00f6\u00f6sel vastu 16. novembrit j\u00f5udis Lennusadamasse n\u00e4ituse \u00fcks p\u00f5hieksponaat: piirivalve helikopter MI-8. Loe n\u00e4ituse kohta l\u00e4hemalt&#8230;","protected":false},"author":2,"featured_media":1214,"comment_status":"open","ping_status":"open","sticky":false,"template":"","format":"standard","meta":{"_acf_changed":false,"_uag_custom_page_level_css":"","advgb_blocks_editor_width":"","advgb_blocks_columns_visual_guide":"","footnotes":""},"categories":[33],"tags":[],"class_list":["post-1213","post","type-post","status-publish","format-standard","has-post-thumbnail","hentry","category-uudised"],"acf":[],"yoast_head":"<!-- This site is optimized with the Yoast SEO plugin v26.6 - https:\/\/yoast.com\/wordpress\/plugins\/seo\/ -->\n<title>VAATA VIDEOT! Lennusadamasse saabus p\u00e4\u00e4stekopter - Lennusadam<\/title>\n<meta name=\"robots\" content=\"index, follow, max-snippet:-1, max-image-preview:large, max-video-preview:-1\" \/>\n<link rel=\"canonical\" href=\"https:\/\/meremuuseum.ee\/lennusadam\/2016\/11\/21\/vaata-videot-lennusadamasse-saabus-paastekopter\/\" \/>\n<meta property=\"og:locale\" content=\"et_EE\" \/>\n<meta property=\"og:type\" content=\"article\" \/>\n<meta property=\"og:title\" content=\"VAATA VIDEOT! Lennusadamasse saabus p\u00e4\u00e4stekopter - Lennusadam\" \/>\n<meta property=\"og:description\" content=\"24. m\u00e4rtsil 2017 avame Lennusadamas uue n\u00e4ituse &#8220;MAYDAY. MAYDAY. MAYDAY. N\u00e4itus merep\u00e4\u00e4stest&#8221;. 15. novembri \u00f6\u00f6sel vastu 16. novembrit j\u00f5udis Lennusadamasse n\u00e4ituse \u00fcks p\u00f5hieksponaat: piirivalve helikopter MI-8. Loe n\u00e4ituse kohta l\u00e4hemalt...\" \/>\n<meta property=\"og:url\" content=\"https:\/\/meremuuseum.ee\/lennusadam\/2016\/11\/21\/vaata-videot-lennusadamasse-saabus-paastekopter\/\" \/>\n<meta property=\"og:site_name\" content=\"Lennusadam\" \/>\n<meta property=\"article:published_time\" content=\"2016-11-21T12:53:00+00:00\" \/>\n<meta property=\"article:modified_time\" content=\"2023-09-26T07:52:24+00:00\" \/>\n<meta property=\"og:image\" content=\"https:\/\/meremuuseum.ee\/lennusadam\/wp-content\/uploads\/sites\/4\/2023\/09\/kopter.jpg\" \/>\n\t<meta property=\"og:image:width\" content=\"960\" \/>\n\t<meta property=\"og:image:height\" content=\"720\" \/>\n\t<meta property=\"og:image:type\" content=\"image\/jpeg\" \/>\n<meta name=\"author\" content=\"Reaktiiv Grupp\" \/>\n<meta name=\"twitter:card\" content=\"summary_large_image\" \/>\n<meta name=\"twitter:label1\" content=\"Written by\" \/>\n\t<meta name=\"twitter:data1\" content=\"Reaktiiv Grupp\" \/>\n\t<meta name=\"twitter:label2\" content=\"Est. reading time\" \/>\n\t<meta name=\"twitter:data2\" content=\"1 minut\" \/>\n<script type=\"application\/ld+json\" class=\"yoast-schema-graph\">{\"@context\":\"https:\/\/schema.org\",\"@graph\":[{\"@type\":\"WebPage\",\"@id\":\"https:\/\/meremuuseum.ee\/lennusadam\/2016\/11\/21\/vaata-videot-lennusadamasse-saabus-paastekopter\/\",\"url\":\"https:\/\/meremuuseum.ee\/lennusadam\/2016\/11\/21\/vaata-videot-lennusadamasse-saabus-paastekopter\/\",\"name\":\"VAATA VIDEOT! Lennusadamasse saabus p\u00e4\u00e4stekopter - Lennusadam\",\"isPartOf\":{\"@id\":\"https:\/\/meremuuseum.ee\/lennusadam\/#website\"},\"primaryImageOfPage\":{\"@id\":\"https:\/\/meremuuseum.ee\/lennusadam\/2016\/11\/21\/vaata-videot-lennusadamasse-saabus-paastekopter\/#primaryimage\"},\"image\":{\"@id\":\"https:\/\/meremuuseum.ee\/lennusadam\/2016\/11\/21\/vaata-videot-lennusadamasse-saabus-paastekopter\/#primaryimage\"},\"thumbnailUrl\":\"https:\/\/meremuuseum.ee\/lennusadam\/wp-content\/uploads\/sites\/4\/2023\/09\/kopter.jpg\",\"datePublished\":\"2016-11-21T12:53:00+00:00\",\"dateModified\":\"2023-09-26T07:52:24+00:00\",\"author\":{\"@id\":\"https:\/\/meremuuseum.ee\/lennusadam\/#\/schema\/person\/713bd2fb76e66fd07f89175b0cffaa41\"},\"breadcrumb\":{\"@id\":\"https:\/\/meremuuseum.ee\/lennusadam\/2016\/11\/21\/vaata-videot-lennusadamasse-saabus-paastekopter\/#breadcrumb\"},\"inLanguage\":\"et\",\"potentialAction\":[{\"@type\":\"ReadAction\",\"target\":[\"https:\/\/meremuuseum.ee\/lennusadam\/2016\/11\/21\/vaata-videot-lennusadamasse-saabus-paastekopter\/\"]}]},{\"@type\":\"ImageObject\",\"inLanguage\":\"et\",\"@id\":\"https:\/\/meremuuseum.ee\/lennusadam\/2016\/11\/21\/vaata-videot-lennusadamasse-saabus-paastekopter\/#primaryimage\",\"url\":\"https:\/\/meremuuseum.ee\/lennusadam\/wp-content\/uploads\/sites\/4\/2023\/09\/kopter.jpg\",\"contentUrl\":\"https:\/\/meremuuseum.ee\/lennusadam\/wp-content\/uploads\/sites\/4\/2023\/09\/kopter.jpg\",\"width\":960,\"height\":720},{\"@type\":\"BreadcrumbList\",\"@id\":\"https:\/\/meremuuseum.ee\/lennusadam\/2016\/11\/21\/vaata-videot-lennusadamasse-saabus-paastekopter\/#breadcrumb\",\"itemListElement\":[{\"@type\":\"ListItem\",\"position\":1,\"name\":\"Home\",\"item\":\"https:\/\/meremuuseum.ee\/lennusadam\/\"},{\"@type\":\"ListItem\",\"position\":2,\"name\":\"VAATA VIDEOT! Lennusadamasse saabus p\u00e4\u00e4stekopter\"}]},{\"@type\":\"WebSite\",\"@id\":\"https:\/\/meremuuseum.ee\/lennusadam\/#website\",\"url\":\"https:\/\/meremuuseum.ee\/lennusadam\/\",\"name\":\"Lennusadam\",\"description\":\"\",\"potentialAction\":[{\"@type\":\"SearchAction\",\"target\":{\"@type\":\"EntryPoint\",\"urlTemplate\":\"https:\/\/meremuuseum.ee\/lennusadam\/?s={search_term_string}\"},\"query-input\":{\"@type\":\"PropertyValueSpecification\",\"valueRequired\":true,\"valueName\":\"search_term_string\"}}],\"inLanguage\":\"et\"},{\"@type\":\"Person\",\"@id\":\"https:\/\/meremuuseum.ee\/lennusadam\/#\/schema\/person\/713bd2fb76e66fd07f89175b0cffaa41\",\"name\":\"Reaktiiv Grupp\",\"image\":{\"@type\":\"ImageObject\",\"inLanguage\":\"et\",\"@id\":\"https:\/\/meremuuseum.ee\/lennusadam\/#\/schema\/person\/image\/\",\"url\":\"https:\/\/secure.gravatar.com\/avatar\/7c31658772ba6f18873a3f828b4e06c191b4ca29243eb6ca0036b4e33d9c7abb?s=96&d=mm&r=g\",\"contentUrl\":\"https:\/\/secure.gravatar.com\/avatar\/7c31658772ba6f18873a3f828b4e06c191b4ca29243eb6ca0036b4e33d9c7abb?s=96&d=mm&r=g\",\"caption\":\"Reaktiiv Grupp\"},\"sameAs\":[\"http:\/\/reaktiiv.ee\/\"],\"url\":\"https:\/\/meremuuseum.ee\/lennusadam\/author\/reaktiiv-pm\/\"}]}<\/script>\n<!-- \/ Yoast SEO plugin. -->","yoast_head_json":{"title":"VAATA VIDEOT! Lennusadamasse saabus p\u00e4\u00e4stekopter - Lennusadam","robots":{"index":"index","follow":"follow","max-snippet":"max-snippet:-1","max-image-preview":"max-image-preview:large","max-video-preview":"max-video-preview:-1"},"canonical":"https:\/\/meremuuseum.ee\/lennusadam\/2016\/11\/21\/vaata-videot-lennusadamasse-saabus-paastekopter\/","og_locale":"et_EE","og_type":"article","og_title":"VAATA VIDEOT! Lennusadamasse saabus p\u00e4\u00e4stekopter - Lennusadam","og_description":"24. m\u00e4rtsil 2017 avame Lennusadamas uue n\u00e4ituse &#8220;MAYDAY. MAYDAY. MAYDAY. N\u00e4itus merep\u00e4\u00e4stest&#8221;. 15. novembri \u00f6\u00f6sel vastu 16. novembrit j\u00f5udis Lennusadamasse n\u00e4ituse \u00fcks p\u00f5hieksponaat: piirivalve helikopter MI-8. Loe n\u00e4ituse kohta l\u00e4hemalt...","og_url":"https:\/\/meremuuseum.ee\/lennusadam\/2016\/11\/21\/vaata-videot-lennusadamasse-saabus-paastekopter\/","og_site_name":"Lennusadam","article_published_time":"2016-11-21T12:53:00+00:00","article_modified_time":"2023-09-26T07:52:24+00:00","og_image":[{"width":960,"height":720,"url":"https:\/\/meremuuseum.ee\/lennusadam\/wp-content\/uploads\/sites\/4\/2023\/09\/kopter.jpg","type":"image\/jpeg"}],"author":"Reaktiiv Grupp","twitter_card":"summary_large_image","twitter_misc":{"Written by":"Reaktiiv Grupp","Est. reading time":"1 minut"},"schema":{"@context":"https:\/\/schema.org","@graph":[{"@type":"WebPage","@id":"https:\/\/meremuuseum.ee\/lennusadam\/2016\/11\/21\/vaata-videot-lennusadamasse-saabus-paastekopter\/","url":"https:\/\/meremuuseum.ee\/lennusadam\/2016\/11\/21\/vaata-videot-lennusadamasse-saabus-paastekopter\/","name":"VAATA VIDEOT! Lennusadamasse saabus p\u00e4\u00e4stekopter - Lennusadam","isPartOf":{"@id":"https:\/\/meremuuseum.ee\/lennusadam\/#website"},"primaryImageOfPage":{"@id":"https:\/\/meremuuseum.ee\/lennusadam\/2016\/11\/21\/vaata-videot-lennusadamasse-saabus-paastekopter\/#primaryimage"},"image":{"@id":"https:\/\/meremuuseum.ee\/lennusadam\/2016\/11\/21\/vaata-videot-lennusadamasse-saabus-paastekopter\/#primaryimage"},"thumbnailUrl":"https:\/\/meremuuseum.ee\/lennusadam\/wp-content\/uploads\/sites\/4\/2023\/09\/kopter.jpg","datePublished":"2016-11-21T12:53:00+00:00","dateModified":"2023-09-26T07:52:24+00:00","author":{"@id":"https:\/\/meremuuseum.ee\/lennusadam\/#\/schema\/person\/713bd2fb76e66fd07f89175b0cffaa41"},"breadcrumb":{"@id":"https:\/\/meremuuseum.ee\/lennusadam\/2016\/11\/21\/vaata-videot-lennusadamasse-saabus-paastekopter\/#breadcrumb"},"inLanguage":"et","potentialAction":[{"@type":"ReadAction","target":["https:\/\/meremuuseum.ee\/lennusadam\/2016\/11\/21\/vaata-videot-lennusadamasse-saabus-paastekopter\/"]}]},{"@type":"ImageObject","inLanguage":"et","@id":"https:\/\/meremuuseum.ee\/lennusadam\/2016\/11\/21\/vaata-videot-lennusadamasse-saabus-paastekopter\/#primaryimage","url":"https:\/\/meremuuseum.ee\/lennusadam\/wp-content\/uploads\/sites\/4\/2023\/09\/kopter.jpg","contentUrl":"https:\/\/meremuuseum.ee\/lennusadam\/wp-content\/uploads\/sites\/4\/2023\/09\/kopter.jpg","width":960,"height":720},{"@type":"BreadcrumbList","@id":"https:\/\/meremuuseum.ee\/lennusadam\/2016\/11\/21\/vaata-videot-lennusadamasse-saabus-paastekopter\/#breadcrumb","itemListElement":[{"@type":"ListItem","position":1,"name":"Home","item":"https:\/\/meremuuseum.ee\/lennusadam\/"},{"@type":"ListItem","position":2,"name":"VAATA VIDEOT! Lennusadamasse saabus p\u00e4\u00e4stekopter"}]},{"@type":"WebSite","@id":"https:\/\/meremuuseum.ee\/lennusadam\/#website","url":"https:\/\/meremuuseum.ee\/lennusadam\/","name":"Lennusadam","description":"","potentialAction":[{"@type":"SearchAction","target":{"@type":"EntryPoint","urlTemplate":"https:\/\/meremuuseum.ee\/lennusadam\/?s={search_term_string}"},"query-input":{"@type":"PropertyValueSpecification","valueRequired":true,"valueName":"search_term_string"}}],"inLanguage":"et"},{"@type":"Person","@id":"https:\/\/meremuuseum.ee\/lennusadam\/#\/schema\/person\/713bd2fb76e66fd07f89175b0cffaa41","name":"Reaktiiv Grupp","image":{"@type":"ImageObject","inLanguage":"et","@id":"https:\/\/meremuuseum.ee\/lennusadam\/#\/schema\/person\/image\/","url":"https:\/\/secure.gravatar.com\/avatar\/7c31658772ba6f18873a3f828b4e06c191b4ca29243eb6ca0036b4e33d9c7abb?s=96&d=mm&r=g","contentUrl":"https:\/\/secure.gravatar.com\/avatar\/7c31658772ba6f18873a3f828b4e06c191b4ca29243eb6ca0036b4e33d9c7abb?s=96&d=mm&r=g","caption":"Reaktiiv Grupp"},"sameAs":["http:\/\/reaktiiv.ee\/"],"url":"https:\/\/meremuuseum.ee\/lennusadam\/author\/reaktiiv-pm\/"}]}},"author_meta":{"display_name":"Reaktiiv Grupp","author_link":"https:\/\/meremuuseum.ee\/lennusadam\/author\/reaktiiv-pm\/"},"featured_img":"https:\/\/meremuuseum.ee\/lennusadam\/wp-content\/uploads\/sites\/4\/2023\/09\/kopter-250x188.jpg","uagb_featured_image_src":{"full":["https:\/\/meremuuseum.ee\/lennusadam\/wp-content\/uploads\/sites\/4\/2023\/09\/kopter.jpg",960,720,false],"thumbnail":["https:\/\/meremuuseum.ee\/lennusadam\/wp-content\/uploads\/sites\/4\/2023\/09\/kopter-150x150.jpg",150,150,true],"medium":["https:\/\/meremuuseum.ee\/lennusadam\/wp-content\/uploads\/sites\/4\/2023\/09\/kopter-250x188.jpg",250,188,true],"medium_large":["https:\/\/meremuuseum.ee\/lennusadam\/wp-content\/uploads\/sites\/4\/2023\/09\/kopter-768x576.jpg",768,576,true],"large":["https:\/\/meremuuseum.ee\/lennusadam\/wp-content\/uploads\/sites\/4\/2023\/09\/kopter-700x525.jpg",700,525,true],"1536x1536":["https:\/\/meremuuseum.ee\/lennusadam\/wp-content\/uploads\/sites\/4\/2023\/09\/kopter.jpg",960,720,false],"2048x2048":["https:\/\/meremuuseum.ee\/lennusadam\/wp-content\/uploads\/sites\/4\/2023\/09\/kopter.jpg",960,720,false],"small":["https:\/\/meremuuseum.ee\/lennusadam\/wp-content\/uploads\/sites\/4\/2023\/09\/kopter-120x90.jpg",120,90,true],"custom-size":["https:\/\/meremuuseum.ee\/lennusadam\/wp-content\/uploads\/sites\/4\/2023\/09\/kopter.jpg",960,720,false],"post-preview":["https:\/\/meremuuseum.ee\/lennusadam\/wp-content\/uploads\/sites\/4\/2023\/09\/kopter-480x360.jpg",480,360,true],"gform-image-choice-sm":["https:\/\/meremuuseum.ee\/lennusadam\/wp-content\/uploads\/sites\/4\/2023\/09\/kopter.jpg",300,225,false],"gform-image-choice-md":["https:\/\/meremuuseum.ee\/lennusadam\/wp-content\/uploads\/sites\/4\/2023\/09\/kopter.jpg",400,300,false],"gform-image-choice-lg":["https:\/\/meremuuseum.ee\/lennusadam\/wp-content\/uploads\/sites\/4\/2023\/09\/kopter.jpg",600,450,false]},"uagb_author_info":{"display_name":"Reaktiiv Grupp","author_link":"https:\/\/meremuuseum.ee\/lennusadam\/author\/reaktiiv-pm\/"},"uagb_comment_info":0,"uagb_excerpt":"24. m\u00e4rtsil 2017 avame Lennusadamas uue n\u00e4ituse &#8220;MAYDAY. MAYDAY. MAYDAY. N\u00e4itus merep\u00e4\u00e4stest&#8221;. 15. novembri \u00f6\u00f6sel vastu 16. novembrit j\u00f5udis Lennusadamasse n\u00e4ituse \u00fcks p\u00f5hieksponaat: piirivalve helikopter MI-8. Loe n\u00e4ituse kohta l\u00e4hemalt...","coauthors":[],"tax_additional":{"categories":{"linked":["<a href=\"https:\/\/meremuuseum.ee\/lennusadam\/category\/uudised\/\" class=\"advgb-post-tax-term\">Uudised<\/a>"],"unlinked":["<span class=\"advgb-post-tax-term\">Uudised<\/span>"]}},"comment_count":"0","relative_dates":{"created":"Posted 9 aastat ago","modified":"Updated 3 aastat ago"},"absolute_dates":{"created":"Posted on november 21, 2016","modified":"Updated on september 26, 2023"},"absolute_dates_time":{"created":"Posted on november 21, 2016 12:53 p.l.","modified":"Updated on september 26, 2023 7:52 e.l."},"featured_img_caption":"","series_order":"","_links":{"self":[{"href":"https:\/\/meremuuseum.ee\/lennusadam\/wp-json\/wp\/v2\/posts\/1213","targetHints":{"allow":["GET"]}}],"collection":[{"href":"https:\/\/meremuuseum.ee\/lennusadam\/wp-json\/wp\/v2\/posts"}],"about":[{"href":"https:\/\/meremuuseum.ee\/lennusadam\/wp-json\/wp\/v2\/types\/post"}],"author":[{"embeddable":true,"href":"https:\/\/meremuuseum.ee\/lennusadam\/wp-json\/wp\/v2\/users\/2"}],"replies":[{"embeddable":true,"href":"https:\/\/meremuuseum.ee\/lennusadam\/wp-json\/wp\/v2\/comments?post=1213"}],"version-history":[{"count":2,"href":"https:\/\/meremuuseum.ee\/lennusadam\/wp-json\/wp\/v2\/posts\/1213\/revisions"}],"predecessor-version":[{"id":1222,"href":"https:\/\/meremuuseum.ee\/lennusadam\/wp-json\/wp\/v2\/posts\/1213\/revisions\/1222"}],"wp:featuredmedia":[{"embeddable":true,"href":"https:\/\/meremuuseum.ee\/lennusadam\/wp-json\/wp\/v2\/media\/1214"}],"wp:attachment":[{"href":"https:\/\/meremuuseum.ee\/lennusadam\/wp-json\/wp\/v2\/media?parent=1213"}],"wp:term":[{"taxonomy":"category","embeddable":true,"href":"https:\/\/meremuuseum.ee\/lennusadam\/wp-json\/wp\/v2\/categories?post=1213"},{"taxonomy":"post_tag","embeddable":true,"href":"https:\/\/meremuuseum.ee\/lennusadam\/wp-json\/wp\/v2\/tags?post=1213"}],"curies":[{"name":"wp","href":"https:\/\/api.w.org\/{rel}","templated":true}]}}