{"id":35963,"date":"2025-02-13T10:29:56","date_gmt":"2025-02-13T08:29:56","guid":{"rendered":"https:\/\/meremuuseum.ee\/?p=35963"},"modified":"2025-02-13T10:42:45","modified_gmt":"2025-02-13T08:42:45","slug":"the-estonian-polar-club-celebrated-its-40th-anniversary-with-a-polar-conference-in-tallinn-bringing-participants-from-14-countries","status":"publish","type":"post","link":"https:\/\/meremuuseum.ee\/en\/blog\/2025\/02\/13\/the-estonian-polar-club-celebrated-its-40th-anniversary-with-a-polar-conference-in-tallinn-bringing-participants-from-14-countries\/","title":{"rendered":"The Estonian Polar Club Celebrated Its 40th Anniversary with a Polar Conference in Tallinn, bringing participants from 14 Countries"},"content":{"rendered":"\n<p>On November 28\u201329, 2024, the international hybrid conference <em>&#8220;Arctic and Antarctic Science Cooperation in a Changing World&#8221;<\/em> took place at Kultuurikatel (Creative Hub) in Tallinn. Organized by the Estonian Polar Club in collaboration with the Estonian Maritime Museum, the event brought together 154 participants from 14 countries, including scientists, experts, and students. The conference also marked the 40th anniversary of the Estonian Polar Club, providing a special opportunity to reflect on the club\u2019s achievements and set future goals.<\/p>\n\n\n\n<p>The two-day conference focused on environmental and societal changes in polar regions, highlighting their global impact. A total of 38 experts shared insights on Arctic and Antarctic research as well as future prospects for these regions. The program featured panel discussions and engaging presentations, emphasizing the role of young scientists and the importance of international cooperation.<\/p>\n\n\n\n<p>To celebrate the anniversary, a festive concert and gala dinner were held at Lennusadam, where participants also had the opportunity to explore the Maritime Museum\u2019s exhibitions and temporary displays.<\/p>\n\n\n\n<p>Attendees described the conference as inspiring and insightful, helping to forge new plans and strengthen scientific networks. <a href=\"https:\/\/www.youtube.com\/watch?v=d5YcqmuPTmE&amp;list=PLj-wj3XQDPCyqriTXwKXxOSkJuff4hwWe&amp;ab_channel=EestiMeremuuseum\">Conference recordings<\/a> are available for viewing: <a href=\"https:\/\/youtube.com\/live\/Uf9Nwm6EmRM\">Day 1<\/a> and <a href=\"https:\/\/youtube.com\/live\/o-jOdtgWmHM\">Day 2<\/a>. A photo gallery from the event can be browsed<a href=\"https:\/\/www.flickr.com\/photos\/201884707@N05\/54178497065\/in\/album-72177720322298996\"> here<\/a> and at the links below.<\/p>\n\n\n\n<p>Additionally, during the conference, an Estonian-Chilean polar research cooperation agreement was signed, opening new opportunities for international scientific collaboration.<\/p>\n\n\n\n<p>A heartfelt thank you to all participants and partners who contributed to making this an inspiring and unforgettable event! See you at future polar events!<\/p>\n\n\n\n<figure class=\"wp-block-gallery has-nested-images columns-default is-cropped wp-block-gallery-1 is-layout-flex wp-block-gallery-is-layout-flex\">\n<figure class=\"wp-block-image size-large\"><img decoding=\"async\" width=\"700\" height=\"467\" data-id=\"35965\" src=\"https:\/\/meremuuseum.ee\/wp-content\/uploads\/2025\/02\/indrek-kivi-priit-tisler-700x467.jpg\"alt=\"Indrek Kivi, Priit Tisler\" class=\"wp-image-35965\" srcset=\"https:\/\/meremuuseum.ee\/wp-content\/uploads\/2025\/02\/indrek-kivi-priit-tisler-700x467.jpg 700w, https:\/\/meremuuseum.ee\/wp-content\/uploads\/2025\/02\/indrek-kivi-priit-tisler-250x167.jpg 250w, https:\/\/meremuuseum.ee\/wp-content\/uploads\/2025\/02\/indrek-kivi-priit-tisler-768x512.jpg 768w, https:\/\/meremuuseum.ee\/wp-content\/uploads\/2025\/02\/indrek-kivi-priit-tisler-120x80.jpg 120w, https:\/\/meremuuseum.ee\/wp-content\/uploads\/2025\/02\/indrek-kivi-priit-tisler-480x320.jpg 480w, https:\/\/meremuuseum.ee\/wp-content\/uploads\/2025\/02\/indrek-kivi-priit-tisler.jpg 1024w\" sizes=\"(max-width: 700px) 100vw, 700px\" \/><figcaption class=\"wp-element-caption\">Indrek Kivi, Priit Tisler<\/figcaption><\/figure>\n\n\n\n<figure class=\"wp-block-image size-large\"><img decoding=\"async\" width=\"700\" height=\"467\" data-id=\"35968\" src=\"https:\/\/meremuuseum.ee\/wp-content\/uploads\/2025\/02\/andres-kollist-kersti-kaljulaid-katrin-savomagi-700x467.jpg\"alt=\"Andres Kollist, Kersti Kaljulaid, Katrin Savom\u00e4gi\" class=\"wp-image-35968\" srcset=\"https:\/\/meremuuseum.ee\/wp-content\/uploads\/2025\/02\/andres-kollist-kersti-kaljulaid-katrin-savomagi-700x467.jpg 700w, https:\/\/meremuuseum.ee\/wp-content\/uploads\/2025\/02\/andres-kollist-kersti-kaljulaid-katrin-savomagi-250x167.jpg 250w, https:\/\/meremuuseum.ee\/wp-content\/uploads\/2025\/02\/andres-kollist-kersti-kaljulaid-katrin-savomagi-768x512.jpg 768w, https:\/\/meremuuseum.ee\/wp-content\/uploads\/2025\/02\/andres-kollist-kersti-kaljulaid-katrin-savomagi-120x80.jpg 120w, https:\/\/meremuuseum.ee\/wp-content\/uploads\/2025\/02\/andres-kollist-kersti-kaljulaid-katrin-savomagi-480x320.jpg 480w, https:\/\/meremuuseum.ee\/wp-content\/uploads\/2025\/02\/andres-kollist-kersti-kaljulaid-katrin-savomagi.jpg 1024w\" sizes=\"(max-width: 700px) 100vw, 700px\" \/><figcaption class=\"wp-element-caption\">Andres Kollist, Kersti Kaljulaid, Katrin Savom\u00e4gi<\/figcaption><\/figure>\n\n\n\n<figure class=\"wp-block-image size-large\"><img decoding=\"async\" width=\"700\" height=\"467\" data-id=\"35967\" src=\"https:\/\/meremuuseum.ee\/wp-content\/uploads\/2025\/02\/urmas-paet-fridtjof-mehlum-jonne-kotta-riko-noormets-700x467.jpg\"alt=\"Urmas Paet, Fridtjof Mehlum, Jonne Kotta, Riko Noormets\" class=\"wp-image-35967\" srcset=\"https:\/\/meremuuseum.ee\/wp-content\/uploads\/2025\/02\/urmas-paet-fridtjof-mehlum-jonne-kotta-riko-noormets-700x467.jpg 700w, https:\/\/meremuuseum.ee\/wp-content\/uploads\/2025\/02\/urmas-paet-fridtjof-mehlum-jonne-kotta-riko-noormets-250x167.jpg 250w, https:\/\/meremuuseum.ee\/wp-content\/uploads\/2025\/02\/urmas-paet-fridtjof-mehlum-jonne-kotta-riko-noormets-768x512.jpg 768w, https:\/\/meremuuseum.ee\/wp-content\/uploads\/2025\/02\/urmas-paet-fridtjof-mehlum-jonne-kotta-riko-noormets-120x80.jpg 120w, https:\/\/meremuuseum.ee\/wp-content\/uploads\/2025\/02\/urmas-paet-fridtjof-mehlum-jonne-kotta-riko-noormets-480x320.jpg 480w, https:\/\/meremuuseum.ee\/wp-content\/uploads\/2025\/02\/urmas-paet-fridtjof-mehlum-jonne-kotta-riko-noormets.jpg 1024w\" sizes=\"(max-width: 700px) 100vw, 700px\" \/><figcaption class=\"wp-element-caption\">Urmas Paet, Fridtjof Mehlum, Jonne Kotta, Riko Noormets<\/figcaption><\/figure>\n\n\n\n<figure class=\"wp-block-image size-large\"><img decoding=\"async\" width=\"700\" height=\"467\" data-id=\"35969\" src=\"https:\/\/meremuuseum.ee\/wp-content\/uploads\/2025\/02\/ole-arve-misund-robert-keith-headland-700x467.jpg\"alt=\"Ole Arve Misund, Robert Keith Headland\" class=\"wp-image-35969\" srcset=\"https:\/\/meremuuseum.ee\/wp-content\/uploads\/2025\/02\/ole-arve-misund-robert-keith-headland-700x467.jpg 700w, https:\/\/meremuuseum.ee\/wp-content\/uploads\/2025\/02\/ole-arve-misund-robert-keith-headland-250x167.jpg 250w, https:\/\/meremuuseum.ee\/wp-content\/uploads\/2025\/02\/ole-arve-misund-robert-keith-headland-768x512.jpg 768w, https:\/\/meremuuseum.ee\/wp-content\/uploads\/2025\/02\/ole-arve-misund-robert-keith-headland-120x80.jpg 120w, https:\/\/meremuuseum.ee\/wp-content\/uploads\/2025\/02\/ole-arve-misund-robert-keith-headland-480x320.jpg 480w, https:\/\/meremuuseum.ee\/wp-content\/uploads\/2025\/02\/ole-arve-misund-robert-keith-headland.jpg 1024w\" sizes=\"(max-width: 700px) 100vw, 700px\" \/><figcaption class=\"wp-element-caption\">Ole Arve Misund, Robert Keith Headland<\/figcaption><\/figure>\n\n\n\n<figure class=\"wp-block-image size-large\"><img decoding=\"async\" width=\"700\" height=\"467\" data-id=\"35964\" src=\"https:\/\/meremuuseum.ee\/wp-content\/uploads\/2025\/02\/kanada-saatkonna-esindajad-indrek-kivi-700x467.jpg\"alt=\"Kanada saatkonna esindajad, Indrek Kivi\" class=\"wp-image-35964\" srcset=\"https:\/\/meremuuseum.ee\/wp-content\/uploads\/2025\/02\/kanada-saatkonna-esindajad-indrek-kivi-700x467.jpg 700w, https:\/\/meremuuseum.ee\/wp-content\/uploads\/2025\/02\/kanada-saatkonna-esindajad-indrek-kivi-250x167.jpg 250w, https:\/\/meremuuseum.ee\/wp-content\/uploads\/2025\/02\/kanada-saatkonna-esindajad-indrek-kivi-768x512.jpg 768w, https:\/\/meremuuseum.ee\/wp-content\/uploads\/2025\/02\/kanada-saatkonna-esindajad-indrek-kivi-120x80.jpg 120w, https:\/\/meremuuseum.ee\/wp-content\/uploads\/2025\/02\/kanada-saatkonna-esindajad-indrek-kivi-480x320.jpg 480w, https:\/\/meremuuseum.ee\/wp-content\/uploads\/2025\/02\/kanada-saatkonna-esindajad-indrek-kivi.jpg 1024w\" sizes=\"(max-width: 700px) 100vw, 700px\" \/><figcaption class=\"wp-element-caption\">Dinner at Seaplane Harbour<\/figcaption><\/figure>\n\n\n\n<figure class=\"wp-block-image size-large\"><img decoding=\"async\" width=\"700\" height=\"467\" data-id=\"35966\" src=\"https:\/\/meremuuseum.ee\/wp-content\/uploads\/2025\/02\/ohtusook-lennusadamas-700x467.jpg\"alt=\"\u00d5htus\u00f6\u00f6k Lennusadamas\" class=\"wp-image-35966\" srcset=\"https:\/\/meremuuseum.ee\/wp-content\/uploads\/2025\/02\/ohtusook-lennusadamas-700x467.jpg 700w, https:\/\/meremuuseum.ee\/wp-content\/uploads\/2025\/02\/ohtusook-lennusadamas-250x167.jpg 250w, https:\/\/meremuuseum.ee\/wp-content\/uploads\/2025\/02\/ohtusook-lennusadamas-768x512.jpg 768w, https:\/\/meremuuseum.ee\/wp-content\/uploads\/2025\/02\/ohtusook-lennusadamas-120x80.jpg 120w, https:\/\/meremuuseum.ee\/wp-content\/uploads\/2025\/02\/ohtusook-lennusadamas-480x320.jpg 480w, https:\/\/meremuuseum.ee\/wp-content\/uploads\/2025\/02\/ohtusook-lennusadamas.jpg 1024w\" sizes=\"(max-width: 700px) 100vw, 700px\" \/><figcaption class=\"wp-element-caption\">Dinner at Seaplane Harbour<\/figcaption><\/figure>\n\n\n\n<figure class=\"wp-block-image size-large\"><img decoding=\"async\" width=\"700\" height=\"467\" data-id=\"35975\" src=\"https:\/\/meremuuseum.ee\/wp-content\/uploads\/2025\/02\/ohtusook-lennusadamas-1-700x467.jpg\"alt=\"\u00d5htus\u00f6\u00f6k Lennusadamas 1\" class=\"wp-image-35975\" srcset=\"https:\/\/meremuuseum.ee\/wp-content\/uploads\/2025\/02\/ohtusook-lennusadamas-1-700x467.jpg 700w, https:\/\/meremuuseum.ee\/wp-content\/uploads\/2025\/02\/ohtusook-lennusadamas-1-250x167.jpg 250w, https:\/\/meremuuseum.ee\/wp-content\/uploads\/2025\/02\/ohtusook-lennusadamas-1-768x512.jpg 768w, https:\/\/meremuuseum.ee\/wp-content\/uploads\/2025\/02\/ohtusook-lennusadamas-1-120x80.jpg 120w, https:\/\/meremuuseum.ee\/wp-content\/uploads\/2025\/02\/ohtusook-lennusadamas-1-480x320.jpg 480w, https:\/\/meremuuseum.ee\/wp-content\/uploads\/2025\/02\/ohtusook-lennusadamas-1.jpg 1024w\" sizes=\"(max-width: 700px) 100vw, 700px\" \/><figcaption class=\"wp-element-caption\">String Quartett<\/figcaption><\/figure>\n\n\n\n<figure class=\"wp-block-image size-large\"><img decoding=\"async\" width=\"700\" height=\"467\" data-id=\"35974\" src=\"https:\/\/meremuuseum.ee\/wp-content\/uploads\/2025\/02\/nelson-valdiva-lahsen-700x467.jpg\"alt=\"Nelson Valdiva Lahsen\" class=\"wp-image-35974\" srcset=\"https:\/\/meremuuseum.ee\/wp-content\/uploads\/2025\/02\/nelson-valdiva-lahsen-700x467.jpg 700w, https:\/\/meremuuseum.ee\/wp-content\/uploads\/2025\/02\/nelson-valdiva-lahsen-250x167.jpg 250w, https:\/\/meremuuseum.ee\/wp-content\/uploads\/2025\/02\/nelson-valdiva-lahsen-768x512.jpg 768w, https:\/\/meremuuseum.ee\/wp-content\/uploads\/2025\/02\/nelson-valdiva-lahsen-120x80.jpg 120w, https:\/\/meremuuseum.ee\/wp-content\/uploads\/2025\/02\/nelson-valdiva-lahsen-480x320.jpg 480w, https:\/\/meremuuseum.ee\/wp-content\/uploads\/2025\/02\/nelson-valdiva-lahsen.jpg 1024w\" sizes=\"(max-width: 700px) 100vw, 700px\" \/><figcaption class=\"wp-element-caption\">Nelson Valdiva Lahsen<\/figcaption><\/figure>\n\n\n\n<figure class=\"wp-block-image size-large\"><img decoding=\"async\" width=\"700\" height=\"467\" data-id=\"35980\" src=\"https:\/\/meremuuseum.ee\/wp-content\/uploads\/2025\/02\/paneeldiskussion-700x467.jpg\"alt=\"Paneeldiskussion\" class=\"wp-image-35980\" srcset=\"https:\/\/meremuuseum.ee\/wp-content\/uploads\/2025\/02\/paneeldiskussion-700x467.jpg 700w, https:\/\/meremuuseum.ee\/wp-content\/uploads\/2025\/02\/paneeldiskussion-250x167.jpg 250w, https:\/\/meremuuseum.ee\/wp-content\/uploads\/2025\/02\/paneeldiskussion-768x512.jpg 768w, https:\/\/meremuuseum.ee\/wp-content\/uploads\/2025\/02\/paneeldiskussion-120x80.jpg 120w, https:\/\/meremuuseum.ee\/wp-content\/uploads\/2025\/02\/paneeldiskussion-480x320.jpg 480w, https:\/\/meremuuseum.ee\/wp-content\/uploads\/2025\/02\/paneeldiskussion.jpg 1024w\" sizes=\"(max-width: 700px) 100vw, 700px\" \/><figcaption class=\"wp-element-caption\">Panel Discussion<\/figcaption><\/figure>\n<\/figure>\n","protected":false},"excerpt":{"rendered":"On November 28\u201329, 2024, the international hybrid conference &#8220;Arctic and Antarctic Science Cooperation in a Changing World&#8221; took place at Kultuurikatel (Creative Hub) in Tallinn. Organized by the Estonian Polar&#8230;","protected":false},"author":5,"featured_media":35980,"comment_status":"closed","ping_status":"closed","sticky":false,"template":"","format":"standard","meta":{"_acf_changed":false,"advgb_blocks_editor_width":"","advgb_blocks_columns_visual_guide":"","footnotes":""},"categories":[1],"tags":[],"class_list":["post-35963","post","type-post","status-publish","format-standard","has-post-thumbnail","hentry","category-news"],"acf":[],"yoast_head":"<!-- This site is optimized with the Yoast SEO plugin v26.6 - https:\/\/yoast.com\/wordpress\/plugins\/seo\/ -->\n<title>The Estonian Polar Club Celebrated Its 40th Anniversary with a Polar Conference in Tallinn, bringing participants from 14 Countries - Meremuuseum<\/title>\n<meta name=\"robots\" content=\"index, follow, max-snippet:-1, max-image-preview:large, max-video-preview:-1\" \/>\n<link rel=\"canonical\" href=\"https:\/\/meremuuseum.ee\/en\/blog\/2025\/02\/13\/the-estonian-polar-club-celebrated-its-40th-anniversary-with-a-polar-conference-in-tallinn-bringing-participants-from-14-countries\/\" \/>\n<meta property=\"og:locale\" content=\"en_US\" \/>\n<meta property=\"og:type\" content=\"article\" \/>\n<meta property=\"og:title\" content=\"The Estonian Polar Club Celebrated Its 40th Anniversary with a Polar Conference in Tallinn, bringing participants from 14 Countries - Meremuuseum\" \/>\n<meta property=\"og:description\" content=\"On November 28\u201329, 2024, the international hybrid conference &#8220;Arctic and Antarctic Science Cooperation in a Changing World&#8221; took place at Kultuurikatel (Creative Hub) in Tallinn. Organized by the Estonian Polar...\" \/>\n<meta property=\"og:url\" content=\"https:\/\/meremuuseum.ee\/en\/blog\/2025\/02\/13\/the-estonian-polar-club-celebrated-its-40th-anniversary-with-a-polar-conference-in-tallinn-bringing-participants-from-14-countries\/\" \/>\n<meta property=\"og:site_name\" content=\"Meremuuseum\" \/>\n<meta property=\"article:published_time\" content=\"2025-02-13T08:29:56+00:00\" \/>\n<meta property=\"article:modified_time\" content=\"2025-02-13T08:42:45+00:00\" \/>\n<meta property=\"og:image\" content=\"https:\/\/meremuuseum.ee\/wp-content\/uploads\/2025\/02\/paneeldiskussion.jpg\" \/>\n\t<meta property=\"og:image:width\" content=\"1024\" \/>\n\t<meta property=\"og:image:height\" content=\"683\" \/>\n\t<meta property=\"og:image:type\" content=\"image\/jpeg\" \/>\n<meta name=\"author\" content=\"ly\" \/>\n<meta name=\"twitter:card\" content=\"summary_large_image\" \/>\n<meta name=\"twitter:label1\" content=\"Written by\" \/>\n\t<meta name=\"twitter:data1\" content=\"ly\" \/>\n\t<meta name=\"twitter:label2\" content=\"Est. reading time\" \/>\n\t<meta name=\"twitter:data2\" content=\"4 minutes\" \/>\n<script type=\"application\/ld+json\" class=\"yoast-schema-graph\">{\"@context\":\"https:\/\/schema.org\",\"@graph\":[{\"@type\":\"WebPage\",\"@id\":\"https:\/\/meremuuseum.ee\/en\/blog\/2025\/02\/13\/the-estonian-polar-club-celebrated-its-40th-anniversary-with-a-polar-conference-in-tallinn-bringing-participants-from-14-countries\/\",\"url\":\"https:\/\/meremuuseum.ee\/en\/blog\/2025\/02\/13\/the-estonian-polar-club-celebrated-its-40th-anniversary-with-a-polar-conference-in-tallinn-bringing-participants-from-14-countries\/\",\"name\":\"The Estonian Polar Club Celebrated Its 40th Anniversary with a Polar Conference in Tallinn, bringing participants from 14 Countries - Meremuuseum\",\"isPartOf\":{\"@id\":\"https:\/\/meremuuseum.ee\/#website\"},\"primaryImageOfPage\":{\"@id\":\"https:\/\/meremuuseum.ee\/en\/blog\/2025\/02\/13\/the-estonian-polar-club-celebrated-its-40th-anniversary-with-a-polar-conference-in-tallinn-bringing-participants-from-14-countries\/#primaryimage\"},\"image\":{\"@id\":\"https:\/\/meremuuseum.ee\/en\/blog\/2025\/02\/13\/the-estonian-polar-club-celebrated-its-40th-anniversary-with-a-polar-conference-in-tallinn-bringing-participants-from-14-countries\/#primaryimage\"},\"thumbnailUrl\":\"https:\/\/meremuuseum.ee\/wp-content\/uploads\/2025\/02\/paneeldiskussion.jpg\",\"datePublished\":\"2025-02-13T08:29:56+00:00\",\"dateModified\":\"2025-02-13T08:42:45+00:00\",\"author\":{\"@id\":\"https:\/\/meremuuseum.ee\/#\/schema\/person\/a043e75b2c8f58d7995a5efe804c83b4\"},\"breadcrumb\":{\"@id\":\"https:\/\/meremuuseum.ee\/en\/blog\/2025\/02\/13\/the-estonian-polar-club-celebrated-its-40th-anniversary-with-a-polar-conference-in-tallinn-bringing-participants-from-14-countries\/#breadcrumb\"},\"inLanguage\":\"en-US\",\"potentialAction\":[{\"@type\":\"ReadAction\",\"target\":[\"https:\/\/meremuuseum.ee\/en\/blog\/2025\/02\/13\/the-estonian-polar-club-celebrated-its-40th-anniversary-with-a-polar-conference-in-tallinn-bringing-participants-from-14-countries\/\"]}]},{\"@type\":\"ImageObject\",\"inLanguage\":\"en-US\",\"@id\":\"https:\/\/meremuuseum.ee\/en\/blog\/2025\/02\/13\/the-estonian-polar-club-celebrated-its-40th-anniversary-with-a-polar-conference-in-tallinn-bringing-participants-from-14-countries\/#primaryimage\",\"url\":\"https:\/\/meremuuseum.ee\/wp-content\/uploads\/2025\/02\/paneeldiskussion.jpg\",\"contentUrl\":\"https:\/\/meremuuseum.ee\/wp-content\/uploads\/2025\/02\/paneeldiskussion.jpg\",\"width\":1024,\"height\":683},{\"@type\":\"BreadcrumbList\",\"@id\":\"https:\/\/meremuuseum.ee\/en\/blog\/2025\/02\/13\/the-estonian-polar-club-celebrated-its-40th-anniversary-with-a-polar-conference-in-tallinn-bringing-participants-from-14-countries\/#breadcrumb\",\"itemListElement\":[{\"@type\":\"ListItem\",\"position\":1,\"name\":\"Home\",\"item\":\"https:\/\/meremuuseum.ee\/en\/\"},{\"@type\":\"ListItem\",\"position\":2,\"name\":\"The Estonian Polar Club Celebrated Its 40th Anniversary with a Polar Conference in Tallinn, bringing participants from 14 Countries\"}]},{\"@type\":\"WebSite\",\"@id\":\"https:\/\/meremuuseum.ee\/#website\",\"url\":\"https:\/\/meremuuseum.ee\/\",\"name\":\"Meremuuseum\",\"description\":\"\",\"potentialAction\":[{\"@type\":\"SearchAction\",\"target\":{\"@type\":\"EntryPoint\",\"urlTemplate\":\"https:\/\/meremuuseum.ee\/?s={search_term_string}\"},\"query-input\":{\"@type\":\"PropertyValueSpecification\",\"valueRequired\":true,\"valueName\":\"search_term_string\"}}],\"inLanguage\":\"en-US\"},{\"@type\":\"Person\",\"@id\":\"https:\/\/meremuuseum.ee\/#\/schema\/person\/a043e75b2c8f58d7995a5efe804c83b4\",\"name\":\"ly\",\"url\":\"https:\/\/meremuuseum.ee\/en\/blog\/author\/ly\/\"}]}<\/script>\n<!-- \/ Yoast SEO plugin. -->","yoast_head_json":{"title":"The Estonian Polar Club Celebrated Its 40th Anniversary with a Polar Conference in Tallinn, bringing participants from 14 Countries - Meremuuseum","robots":{"index":"index","follow":"follow","max-snippet":"max-snippet:-1","max-image-preview":"max-image-preview:large","max-video-preview":"max-video-preview:-1"},"canonical":"https:\/\/meremuuseum.ee\/en\/blog\/2025\/02\/13\/the-estonian-polar-club-celebrated-its-40th-anniversary-with-a-polar-conference-in-tallinn-bringing-participants-from-14-countries\/","og_locale":"en_US","og_type":"article","og_title":"The Estonian Polar Club Celebrated Its 40th Anniversary with a Polar Conference in Tallinn, bringing participants from 14 Countries - Meremuuseum","og_description":"On November 28\u201329, 2024, the international hybrid conference &#8220;Arctic and Antarctic Science Cooperation in a Changing World&#8221; took place at Kultuurikatel (Creative Hub) in Tallinn. Organized by the Estonian Polar...","og_url":"https:\/\/meremuuseum.ee\/en\/blog\/2025\/02\/13\/the-estonian-polar-club-celebrated-its-40th-anniversary-with-a-polar-conference-in-tallinn-bringing-participants-from-14-countries\/","og_site_name":"Meremuuseum","article_published_time":"2025-02-13T08:29:56+00:00","article_modified_time":"2025-02-13T08:42:45+00:00","og_image":[{"width":1024,"height":683,"url":"https:\/\/meremuuseum.ee\/wp-content\/uploads\/2025\/02\/paneeldiskussion.jpg","type":"image\/jpeg"}],"author":"ly","twitter_card":"summary_large_image","twitter_misc":{"Written by":"ly","Est. reading time":"4 minutes"},"schema":{"@context":"https:\/\/schema.org","@graph":[{"@type":"WebPage","@id":"https:\/\/meremuuseum.ee\/en\/blog\/2025\/02\/13\/the-estonian-polar-club-celebrated-its-40th-anniversary-with-a-polar-conference-in-tallinn-bringing-participants-from-14-countries\/","url":"https:\/\/meremuuseum.ee\/en\/blog\/2025\/02\/13\/the-estonian-polar-club-celebrated-its-40th-anniversary-with-a-polar-conference-in-tallinn-bringing-participants-from-14-countries\/","name":"The Estonian Polar Club Celebrated Its 40th Anniversary with a Polar Conference in Tallinn, bringing participants from 14 Countries - Meremuuseum","isPartOf":{"@id":"https:\/\/meremuuseum.ee\/#website"},"primaryImageOfPage":{"@id":"https:\/\/meremuuseum.ee\/en\/blog\/2025\/02\/13\/the-estonian-polar-club-celebrated-its-40th-anniversary-with-a-polar-conference-in-tallinn-bringing-participants-from-14-countries\/#primaryimage"},"image":{"@id":"https:\/\/meremuuseum.ee\/en\/blog\/2025\/02\/13\/the-estonian-polar-club-celebrated-its-40th-anniversary-with-a-polar-conference-in-tallinn-bringing-participants-from-14-countries\/#primaryimage"},"thumbnailUrl":"https:\/\/meremuuseum.ee\/wp-content\/uploads\/2025\/02\/paneeldiskussion.jpg","datePublished":"2025-02-13T08:29:56+00:00","dateModified":"2025-02-13T08:42:45+00:00","author":{"@id":"https:\/\/meremuuseum.ee\/#\/schema\/person\/a043e75b2c8f58d7995a5efe804c83b4"},"breadcrumb":{"@id":"https:\/\/meremuuseum.ee\/en\/blog\/2025\/02\/13\/the-estonian-polar-club-celebrated-its-40th-anniversary-with-a-polar-conference-in-tallinn-bringing-participants-from-14-countries\/#breadcrumb"},"inLanguage":"en-US","potentialAction":[{"@type":"ReadAction","target":["https:\/\/meremuuseum.ee\/en\/blog\/2025\/02\/13\/the-estonian-polar-club-celebrated-its-40th-anniversary-with-a-polar-conference-in-tallinn-bringing-participants-from-14-countries\/"]}]},{"@type":"ImageObject","inLanguage":"en-US","@id":"https:\/\/meremuuseum.ee\/en\/blog\/2025\/02\/13\/the-estonian-polar-club-celebrated-its-40th-anniversary-with-a-polar-conference-in-tallinn-bringing-participants-from-14-countries\/#primaryimage","url":"https:\/\/meremuuseum.ee\/wp-content\/uploads\/2025\/02\/paneeldiskussion.jpg","contentUrl":"https:\/\/meremuuseum.ee\/wp-content\/uploads\/2025\/02\/paneeldiskussion.jpg","width":1024,"height":683},{"@type":"BreadcrumbList","@id":"https:\/\/meremuuseum.ee\/en\/blog\/2025\/02\/13\/the-estonian-polar-club-celebrated-its-40th-anniversary-with-a-polar-conference-in-tallinn-bringing-participants-from-14-countries\/#breadcrumb","itemListElement":[{"@type":"ListItem","position":1,"name":"Home","item":"https:\/\/meremuuseum.ee\/en\/"},{"@type":"ListItem","position":2,"name":"The Estonian Polar Club Celebrated Its 40th Anniversary with a Polar Conference in Tallinn, bringing participants from 14 Countries"}]},{"@type":"WebSite","@id":"https:\/\/meremuuseum.ee\/#website","url":"https:\/\/meremuuseum.ee\/","name":"Meremuuseum","description":"","potentialAction":[{"@type":"SearchAction","target":{"@type":"EntryPoint","urlTemplate":"https:\/\/meremuuseum.ee\/?s={search_term_string}"},"query-input":{"@type":"PropertyValueSpecification","valueRequired":true,"valueName":"search_term_string"}}],"inLanguage":"en-US"},{"@type":"Person","@id":"https:\/\/meremuuseum.ee\/#\/schema\/person\/a043e75b2c8f58d7995a5efe804c83b4","name":"ly","url":"https:\/\/meremuuseum.ee\/en\/blog\/author\/ly\/"}]}},"author_meta":{"display_name":"ly","author_link":"https:\/\/meremuuseum.ee\/en\/blog\/author\/ly\/"},"featured_img":"https:\/\/meremuuseum.ee\/wp-content\/uploads\/2025\/02\/paneeldiskussion-250x167.jpg","coauthors":[],"tax_additional":{"categories":{"linked":["<a href=\"https:\/\/meremuuseum.ee\/en\/blog\/category\/news\/\" class=\"advgb-post-tax-term\">News<\/a>"],"unlinked":["<span class=\"advgb-post-tax-term\">News<\/span>"]}},"comment_count":"0","relative_dates":{"created":"Posted 1 year ago","modified":"Updated 1 year ago"},"absolute_dates":{"created":"Posted on 13. Feb 2025","modified":"Updated on 13. Feb 2025"},"absolute_dates_time":{"created":"Posted on 13. Feb 2025 10:29","modified":"Updated on 13. Feb 2025 10:42"},"featured_img_caption":"","series_order":"","_links":{"self":[{"href":"https:\/\/meremuuseum.ee\/en\/wp-json\/wp\/v2\/posts\/35963","targetHints":{"allow":["GET"]}}],"collection":[{"href":"https:\/\/meremuuseum.ee\/en\/wp-json\/wp\/v2\/posts"}],"about":[{"href":"https:\/\/meremuuseum.ee\/en\/wp-json\/wp\/v2\/types\/post"}],"author":[{"embeddable":true,"href":"https:\/\/meremuuseum.ee\/en\/wp-json\/wp\/v2\/users\/5"}],"replies":[{"embeddable":true,"href":"https:\/\/meremuuseum.ee\/en\/wp-json\/wp\/v2\/comments?post=35963"}],"version-history":[{"count":4,"href":"https:\/\/meremuuseum.ee\/en\/wp-json\/wp\/v2\/posts\/35963\/revisions"}],"predecessor-version":[{"id":36013,"href":"https:\/\/meremuuseum.ee\/en\/wp-json\/wp\/v2\/posts\/35963\/revisions\/36013"}],"wp:featuredmedia":[{"embeddable":true,"href":"https:\/\/meremuuseum.ee\/en\/wp-json\/wp\/v2\/media\/35980"}],"wp:attachment":[{"href":"https:\/\/meremuuseum.ee\/en\/wp-json\/wp\/v2\/media?parent=35963"}],"wp:term":[{"taxonomy":"category","embeddable":true,"href":"https:\/\/meremuuseum.ee\/en\/wp-json\/wp\/v2\/categories?post=35963"},{"taxonomy":"post_tag","embeddable":true,"href":"https:\/\/meremuuseum.ee\/en\/wp-json\/wp\/v2\/tags?post=35963"}],"curies":[{"name":"wp","href":"https:\/\/api.w.org\/{rel}","templated":true}]}}